{"id":23274,"date":"2024-05-16T10:15:25","date_gmt":"2024-05-16T14:15:25","guid":{"rendered":"https:\/\/npm.org\/?p=23274"},"modified":"2024-05-16T10:22:34","modified_gmt":"2024-05-16T14:22:34","slug":"press-release-npm-renames-scholarship-fund-to-honor-pastoral-musician","status":"publish","type":"post","link":"https:\/\/npm.org\/es\/2024\/05\/16\/press-release-npm-renames-scholarship-fund-to-honor-pastoral-musician\/","title":{"rendered":"Comunicado de prensa: El MNP cambia el nombre del fondo de becas en honor al m\u00fasico pastoral"},"content":{"rendered":"<div data-elementor-type=\"wp-post\" data-elementor-id=\"23274\" class=\"elementor elementor-23274\" data-elementor-post-type=\"post\">\n\t\t\t\t\t\t<section class=\"elementor-section elementor-top-section elementor-element elementor-element-72016fa elementor-section-boxed elementor-section-height-default elementor-section-height-default\" data-id=\"72016fa\" data-element_type=\"section\" data-e-type=\"section\">\n\t\t\t\t\t\t<div class=\"elementor-container elementor-column-gap-default\">\n\t\t\t\t\t<div class=\"elementor-column elementor-col-100 elementor-top-column elementor-element elementor-element-51f5a2d\" data-id=\"51f5a2d\" data-element_type=\"column\" data-e-type=\"column\">\n\t\t\t<div class=\"elementor-widget-wrap elementor-element-populated\">\n\t\t\t\t\t\t<div class=\"elementor-element elementor-element-3eaf43b elementor-widget elementor-widget-image\" data-id=\"3eaf43b\" data-element_type=\"widget\" data-e-type=\"widget\" data-widget_type=\"image.default\">\n\t\t\t\t<div class=\"elementor-widget-container\">\n\t\t\t\t\t\t\t\t\t\t\t\t\t\t\t<img decoding=\"async\" width=\"100\" height=\"71\" src=\"https:\/\/npm.org\/wp-content\/uploads\/NPM-Logo-PMS282-1-for-header-small.png\" class=\"attachment-large size-large wp-image-14623\" alt=\"\" srcset=\"https:\/\/npm.org\/wp-content\/uploads\/NPM-Logo-PMS282-1-for-header-small.png 100w, https:\/\/npm.org\/wp-content\/uploads\/NPM-Logo-PMS282-1-for-header-small-16x12.png 16w\" sizes=\"(max-width: 100px) 100vw, 100px\" \/>\t\t\t\t\t\t\t\t\t\t\t\t\t\t\t<\/div>\n\t\t\t\t<\/div>\n\t\t\t\t\t<\/div>\n\t\t<\/div>\n\t\t\t\t\t<\/div>\n\t\t<\/section>\n\t\t\t\t<section class=\"elementor-section elementor-top-section elementor-element elementor-element-4e2e26c elementor-section-boxed elementor-section-height-default elementor-section-height-default\" data-id=\"4e2e26c\" data-element_type=\"section\" data-e-type=\"section\">\n\t\t\t\t\t\t<div class=\"elementor-container elementor-column-gap-default\">\n\t\t\t\t\t<div class=\"elementor-column elementor-col-100 elementor-top-column elementor-element elementor-element-f5370ef\" data-id=\"f5370ef\" data-element_type=\"column\" data-e-type=\"column\">\n\t\t\t<div class=\"elementor-widget-wrap elementor-element-populated\">\n\t\t\t\t\t\t<div class=\"elementor-element elementor-element-11b50d6 elementor-widget elementor-widget-text-editor\" data-id=\"11b50d6\" data-element_type=\"widget\" data-e-type=\"widget\" data-widget_type=\"text-editor.default\">\n\t\t\t\t<div class=\"elementor-widget-container\">\n\t\t\t\t\t\t\t\t\t<p style=\"text-align: center;\"><span style=\"font-size: 14pt;\">Asociaci\u00f3n Nacional de M\u00fasicos Pastorales<\/span><\/p><p style=\"text-align: center;\"><span style=\"font-size: 14pt;\">15 de mayo de 2024\u00a0<\/span><\/p><p style=\"text-align: center;\"><span style=\"font-size: 14pt;\">Comunicado de prensa: El MNP cambia el nombre del fondo de becas en honor al m\u00fasico pastoral<\/span><\/p><p><span style=\"font-size: 14pt;\">La Asociaci\u00f3n Nacional de M\u00fasicos Pastorales (NPM) honrar\u00e1 a Valerie Lee Jeter-McKenzie, miembro y l\u00edder de NPM durante m\u00e1s de 30 a\u00f1os, cambiando el nombre de la beca de su programa a Beca del programa Valerie Lee Jeter-McKenzie. Valerie falleci\u00f3 repentinamente el 13 de febrero de 2024. Valerie brind\u00f3 conocimiento, liderazgo, oraci\u00f3n y amistad a la Asociaci\u00f3n en sus m\u00e1s de 30 a\u00f1os de membres\u00eda. Durante ese tiempo, ocup\u00f3 varios cargos, como presidenta del (antiguo) Grupo de Inter\u00e9s Afroamericano y miembro del Foro de Diversidad Cultural. Present\u00f3 en varias convenciones del MNP sobre temas como liturgia, sacramentos, m\u00fasica lit\u00fargica e inculturaci\u00f3n. Fue miembro de la Junta Directiva de NPM desde 2020 y recientemente fue reelegida para un segundo mandato.<\/span><\/p><p><span style=\"font-size: 14pt;\">Valerie, la amada esposa de Brian McKenzie, era la mayor de tres hermanos. Le sobreviven sus hermanos Lawrence Anthony (Melissa) y Michael Patrick, su hijo Ryan Christopher y sus nietos Amir y Qishon. Valerie era una madre y abuela devota y siempre estaba dispuesta a ayudar a los dem\u00e1s en todo lo que pod\u00eda. Valor\u00f3 el servicio a Dios, a sus seres queridos, a sus amigos y a los dem\u00e1s a lo largo de su viaje.<\/span><\/p><p><span style=\"font-size: 14pt;\">Valerie era una m\u00fasica ocupada desde primer grado, cuando su madre insisti\u00f3 en que comenzara lecciones de piano. En quinto grado, la maestra Sor Miriam Gerard la hab\u00eda invitado a comenzar a tocar en las misas de los viernes y desde entonces acompa\u00f1\u00f3 la liturgia. Esposa, madre y abuela, ense\u00f1\u00f3 teolog\u00eda (incluida la historia de los cat\u00f3licos negros) en Rosemont College en Gladwyne, Pensilvania, al mismo tiempo que daba lecciones privadas de piano, y fue directora musical de la parroquia St. Vincent De Paul en Filadelfia, Pensilvania. , desde hace m\u00e1s de treinta a\u00f1os.<\/span><\/p><p><span style=\"font-size: 14pt;\">Christopher Ferraro, miembro de la Junta Directiva de NPM y colega, reflexiona sobre sus numerosas interacciones con Valerie y su impacto en la Asociaci\u00f3n: \u201cComo miembro de la Junta Directiva, Valerie busc\u00f3 hacer de NPM una organizaci\u00f3n donde todos los miembros pudieran ser vistos y escuchados. Abog\u00f3 por que la liturgia deber\u00eda reflejar la experiencia vivida por las personas reunidas en oraci\u00f3n. Ciertamente extra\u00f1aremos su presencia, pero nos regocijamos al saber que ella est\u00e1 alabando a Dios y abogando por nosotros en la liturgia celestial\u201d.<\/span><\/p><p><span style=\"font-size: 14pt;\">La Junta Directiva de NPM y Jennifer Kluge, Directora Ejecutiva de NPM, acordaron cambiar el nombre del programa de becas de la Asociaci\u00f3n para honrar el trabajo de Valerie en el ministerio. La beca del programa, que existe desde hace varios a\u00f1os, ayuda a los m\u00fasicos pastorales con recursos financieros limitados a aprovechar las oportunidades de formaci\u00f3n continua. Con mayor frecuencia apoya a los miembros que desean asistir a la Convenci\u00f3n Nacional del MNP, incluidos los 47<sup>th<\/sup> Convenci\u00f3n Anual en Kansas City, Missouri, del 8 al 11 de julio de 2024. Jennifer Kluge explica que la decisi\u00f3n de cambiar el nombre del Programa de Becas en honor a Valerie es algo bien alineado con su misi\u00f3n: \u201cValerie cre\u00eda que todos ten\u00edan un lugar dentro de NPM, independientemente de su situaci\u00f3n financiera. Honrar su memoria con el cambio de nombre de nuestro Fondo de Becas para Programas permitir\u00e1 a NPM incluir m\u00fasicos pastorales para participar en la programaci\u00f3n de hoy y del futuro\u201d.<\/span><\/p><p><span style=\"font-size: 14pt;\">Las solicitudes para la beca del programa Valerie Lee Jeter-McKenzie se recibir\u00e1n hasta el 1 de junio de 2024 y las donaciones para el fondo se aceptar\u00e1n de inmediato.<\/span><\/p><p><span style=\"font-size: 14pt;\"><strong>Contacto: <\/strong><\/span><\/p><p><span style=\"font-size: 14pt;\">Amanda Bruce, directora asociada de marketing y comunicaciones<br \/><\/span><span style=\"font-size: 14pt;\"><a href=\"mailto:Amanda@npm.org\">Amanda@npm.org<\/a><\/span><\/p><p><span style=\"font-size: 14pt;\"><strong>Fuente:<\/strong><\/span><\/p><p><span style=\"font-size: 14pt;\">Asociaci\u00f3n Nacional de M\u00fasicos Pastorales<br \/><\/span><span style=\"font-size: 14pt;\">962 Wayne Avenue, Suite 550<br \/><\/span><span style=\"font-size: 14pt;\">Silver Spring, Maryland 20910<br \/><\/span><span style=\"font-size: 14pt;\">Tel\u00e9fono: (240) 247-3000<\/span><\/p><p><span style=\"font-size: 14pt;\"><strong>Enlaces relacionados:<\/strong><\/span><\/p><p><span style=\"font-size: 14pt;\">Sitio web de NPM: <a href=\"https:\/\/npm.org\/es\/\">www.npm.org<\/a><br \/><\/span><span style=\"font-size: 14pt;\">Informaci\u00f3n sobre la Convenci\u00f3n de 2024: <a href=\"http:\/\/bit.ly\/NPM2024Convention\">bit.ly\/NPM2024Convenci\u00f3n<\/a><br \/><\/span><span style=\"font-size: 14pt;\">Haga una donaci\u00f3n a la beca del programa Valerie Lee Jeter-McKenzie: <a href=\"https:\/\/npm.org\/es\/donate\/\">www.npm.org\/donate<\/a><\/span><\/p>\t\t\t\t\t\t\t\t<\/div>\n\t\t\t\t<\/div>\n\t\t\t\t\t<\/div>\n\t\t<\/div>\n\t\t\t\t\t<\/div>\n\t\t<\/section>\n\t\t\t\t<section class=\"elementor-section elementor-top-section elementor-element elementor-element-bbe07c1 elementor-section-boxed elementor-section-height-default elementor-section-height-default\" data-id=\"bbe07c1\" data-element_type=\"section\" data-e-type=\"section\">\n\t\t\t\t\t\t<div class=\"elementor-container elementor-column-gap-default\">\n\t\t\t\t\t<div class=\"elementor-column elementor-col-100 elementor-top-column elementor-element elementor-element-f8e840a\" data-id=\"f8e840a\" data-element_type=\"column\" data-e-type=\"column\">\n\t\t\t<div class=\"elementor-widget-wrap elementor-element-populated\">\n\t\t\t\t\t\t<div class=\"elementor-element elementor-element-d266db1 elementor-align-center elementor-widget elementor-widget-button\" data-id=\"d266db1\" data-element_type=\"widget\" data-e-type=\"widget\" data-widget_type=\"button.default\">\n\t\t\t\t<div class=\"elementor-widget-container\">\n\t\t\t\t\t\t\t\t\t<div class=\"elementor-button-wrapper\">\n\t\t\t\t\t<a class=\"elementor-button elementor-button-link elementor-size-sm\" href=\"https:\/\/npm.org\/wp-content\/uploads\/Press-Release_NPM-Renames-Scholarship-Fund-to-Honor-Pastoral-Musician_2.pdf\">\n\t\t\t\t\t\t<span class=\"elementor-button-content-wrapper\">\n\t\t\t\t\t\t\t\t\t<span class=\"elementor-button-text\">Comunicado de prensa: El MNP cambia el nombre del fondo de becas en honor al m\u00fasico pastoral<\/span>\n\t\t\t\t\t<\/span>\n\t\t\t\t\t<\/a>\n\t\t\t\t<\/div>\n\t\t\t\t\t\t\t\t<\/div>\n\t\t\t\t<\/div>\n\t\t\t\t\t<\/div>\n\t\t<\/div>\n\t\t\t\t\t<\/div>\n\t\t<\/section>\n\t\t\t\t<\/div>","protected":false},"excerpt":{"rendered":"<p>National Association of Pastoral Musicians May 15, 2024\u00a0 Press Release: NPM Renames Scholarship Fund to Honor Pastoral Musician The National Association of Pastoral Musicians (NPM) will honor Valerie Lee Jeter-McKenzie, an NPM member and leader for over 30 years, by renaming its program scholarship to the Valerie Lee Jeter-McKenzie Program Scholarship. Valerie passed away suddenly [&hellip;]<\/p>\n","protected":false},"author":6372,"featured_media":23279,"comment_status":"closed","ping_status":"open","sticky":false,"template":"","format":"standard","meta":{"_acf_changed":false,"footnotes":""},"categories":[1],"tags":[],"class_list":["post-23274","post","type-post","status-publish","format-standard","has-post-thumbnail","hentry","category-latest-news"],"acf":[],"_links":{"self":[{"href":"https:\/\/npm.org\/es\/wp-json\/wp\/v2\/posts\/23274"}],"collection":[{"href":"https:\/\/npm.org\/es\/wp-json\/wp\/v2\/posts"}],"about":[{"href":"https:\/\/npm.org\/es\/wp-json\/wp\/v2\/types\/post"}],"author":[{"embeddable":true,"href":"https:\/\/npm.org\/es\/wp-json\/wp\/v2\/users\/6372"}],"replies":[{"embeddable":true,"href":"https:\/\/npm.org\/es\/wp-json\/wp\/v2\/comments?post=23274"}],"version-history":[{"count":7,"href":"https:\/\/npm.org\/es\/wp-json\/wp\/v2\/posts\/23274\/revisions"}],"predecessor-version":[{"id":23286,"href":"https:\/\/npm.org\/es\/wp-json\/wp\/v2\/posts\/23274\/revisions\/23286"}],"wp:featuredmedia":[{"embeddable":true,"href":"https:\/\/npm.org\/es\/wp-json\/wp\/v2\/media\/23279"}],"wp:attachment":[{"href":"https:\/\/npm.org\/es\/wp-json\/wp\/v2\/media?parent=23274"}],"wp:term":[{"taxonomy":"category","embeddable":true,"href":"https:\/\/npm.org\/es\/wp-json\/wp\/v2\/categories?post=23274"},{"taxonomy":"post_tag","embeddable":true,"href":"https:\/\/npm.org\/es\/wp-json\/wp\/v2\/tags?post=23274"}],"curies":[{"name":"gracias","href":"https:\/\/api.w.org\/{rel}","templated":true}]}}