{"id":22387,"date":"2023-10-17T11:33:18","date_gmt":"2023-10-17T15:33:18","guid":{"rendered":"https:\/\/npm.org\/?post_type=post_events&#038;p=22387"},"modified":"2023-11-07T07:51:47","modified_gmt":"2023-11-07T12:51:47","slug":"2024-colloquium-last-day-to-register-before-prices-increase","status":"publish","type":"post_events","link":"https:\/\/npm.org\/es\/events\/2024-colloquium-last-day-to-register-before-prices-increase\/","title":{"rendered":"Coloquio 2024: \u00daltimo d\u00eda para inscribirse antes de que suban precios"},"content":{"rendered":"<section class=\"elementor-section elementor-top-section elementor-element elementor-element-108e4ab elementor-section-boxed elementor-section-height-default elementor-section-height-default\" data-id=\"108e4ab\" data-element_type=\"section\">\n<div class=\"elementor-container elementor-column-gap-default\">\n<div class=\"elementor-row\">\n<div class=\"elementor-column elementor-col-100 elementor-top-column elementor-element elementor-element-4e68b6c\" data-id=\"4e68b6c\" data-element_type=\"column\">\n<div class=\"elementor-column-wrap elementor-element-populated\">\n<div class=\"elementor-widget-wrap\">\n<div class=\"elementor-element elementor-element-5cee18c elementor-widget elementor-widget-text-editor\" data-id=\"5cee18c\" data-element_type=\"widget\" data-widget_type=\"text-editor.default\">\n<div class=\"elementor-widget-container\">\n<div class=\"elementor-text-editor elementor-clearfix\">\n<h2 style=\"text-align: center;\"><strong>\u00danase a nosotros en el Coloquio de Invierno de 2024, un evento abierto a<\/strong><br \/>\n<strong>\u00a1Miembros de nivel Premium de NPM!<\/strong><\/h2>\n<div style=\"text-align: center;\"><strong>15-17 de enero de 2024<\/strong><\/div>\n<\/div>\n<\/div>\n<\/div>\n<\/div>\n<\/div>\n<\/div>\n<\/div>\n<\/div>\n<\/section>\n<section class=\"elementor-section elementor-top-section elementor-element elementor-element-9adf9a2 elementor-section-boxed elementor-section-height-default elementor-section-height-default\" data-id=\"9adf9a2\" data-element_type=\"section\">\n<div class=\"elementor-container elementor-column-gap-default\">\n<div class=\"elementor-row\">\n<div class=\"elementor-column elementor-col-100 elementor-top-column elementor-element elementor-element-9f74263\" data-id=\"9f74263\" data-element_type=\"column\">\n<div class=\"elementor-column-wrap elementor-element-populated\">\n<div class=\"elementor-widget-wrap\">\n<div class=\"elementor-element elementor-element-3cf6d7a elementor-widget elementor-widget-heading\" data-id=\"3cf6d7a\" data-element_type=\"widget\" data-widget_type=\"heading.default\">\n<div class=\"elementor-widget-container\">\n<h2 class=\"elementor-heading-title elementor-size-default\">Liderazgo ministerial en la era de la diversidad: el desaf\u00edo y la promesa en la teolog\u00eda pr\u00e1ctica<\/h2>\n<\/div>\n<\/div>\n<\/div>\n<\/div>\n<\/div>\n<\/div>\n<\/div>\n<\/section>\n<section class=\"elementor-section elementor-top-section elementor-element elementor-element-788b1a2 elementor-section-boxed elementor-section-height-default elementor-section-height-default\" data-id=\"788b1a2\" data-element_type=\"section\">\n<div class=\"elementor-container elementor-column-gap-default\">\n<div class=\"elementor-row\">\n<div class=\"elementor-column elementor-col-100 elementor-top-column elementor-element elementor-element-22e53a0\" data-id=\"22e53a0\" data-element_type=\"column\">\n<div class=\"elementor-column-wrap elementor-element-populated\">\n<div class=\"elementor-widget-wrap\">\n<div class=\"elementor-element elementor-element-cf545cc elementor-widget elementor-widget-text-editor\" data-id=\"cf545cc\" data-element_type=\"widget\" data-widget_type=\"text-editor.default\">\n<div class=\"elementor-widget-container\">\n<div class=\"elementor-text-editor elementor-clearfix\">\n<p style=\"text-align: center;\">En cualquier era de cambio, los patrones familiares de liderazgo se vuelven ineficaces y estamos llamados a reimaginar nuestros roles fuera de los marcos tradicionales. En lugar de rechazar lo que parece caos, los m\u00e9todos de la teolog\u00eda pr\u00e1ctica pueden ayudarnos a explorar el concepto de \u201cministerio ca\u00f3rdico\u201d, a trav\u00e9s del cual podemos inclinarnos hacia una mezcla de caos y orden, de desaf\u00edo y promesa. En el Coloquio exploraremos e imaginaremos nuevas estrategias para el \u00e9xito de la gracia en nuestro ministerio pastoral.<\/p>\n<\/div>\n<p style=\"text-align: center;\"><strong>\u00a1Los precios de inscripci\u00f3n suben despu\u00e9s del 4 de diciembre!<br \/>\n<\/strong><a href=\"https:\/\/npm.org\/es\/2023\/10\/12\/2024-winter-colloquium\/\"><span style=\"text-decoration: underline; font-size: 18pt;\"><strong>Para obtener m\u00e1s informaci\u00f3n y c\u00f3mo registrarse, haga clic aqu\u00ed.<\/strong><\/span><\/a><\/p>\n<\/div>\n<\/div>\n<\/div>\n<\/div>\n<\/div>\n<\/div>\n<\/div>\n<\/section>","protected":false},"excerpt":{"rendered":"<p>Join us for the 2024 Winter Colloquium, an event open to NPM Premium-level Members! January 15-17, 2024 Ministerial Leadership in the Age of Diversity: The Challenge and Promise in Practical Theology In any era of change, familiar patterns of leadership become ineffective, and we are called to reimagine our roles outside of traditional frameworks. Instead [&hellip;]<\/p>\n","protected":false},"author":6372,"featured_media":0,"comment_status":"closed","ping_status":"closed","template":"","meta":{"_acf_changed":false},"wpl_events_category":[],"class_list":["post-22387","post_events","type-post_events","status-publish","hentry"],"acf":[],"_links":{"self":[{"href":"https:\/\/npm.org\/es\/wp-json\/wp\/v2\/post_events\/22387"}],"collection":[{"href":"https:\/\/npm.org\/es\/wp-json\/wp\/v2\/post_events"}],"about":[{"href":"https:\/\/npm.org\/es\/wp-json\/wp\/v2\/types\/post_events"}],"author":[{"embeddable":true,"href":"https:\/\/npm.org\/es\/wp-json\/wp\/v2\/users\/6372"}],"replies":[{"embeddable":true,"href":"https:\/\/npm.org\/es\/wp-json\/wp\/v2\/comments?post=22387"}],"wp:attachment":[{"href":"https:\/\/npm.org\/es\/wp-json\/wp\/v2\/media?parent=22387"}],"wp:term":[{"taxonomy":"wpl_events_category","embeddable":true,"href":"https:\/\/npm.org\/es\/wp-json\/wp\/v2\/wpl_events_category?post=22387"}],"curies":[{"name":"gracias","href":"https:\/\/api.w.org\/{rel}","templated":true}]}}