{"id":17458,"date":"2021-07-11T21:48:29","date_gmt":"2021-07-11T21:48:29","guid":{"rendered":"https:\/\/npm.org\/?post_type=post_events&#038;p=17458"},"modified":"2021-08-10T20:11:10","modified_gmt":"2021-08-10T20:11:10","slug":"fundamentals-of-basic-theory-for-the-choir-and-cantor","status":"publish","type":"post_events","link":"https:\/\/npm.org\/es\/events\/fundamentals-of-basic-theory-for-the-choir-and-cantor\/","title":{"rendered":"Fundamentos de la teor\u00eda b\u00e1sica para el coro y el cantor"},"content":{"rendered":"<p>Teresa Cobarrubia Yoder presentar\u00e1 \u201cFundamentos de teor\u00eda b\u00e1sica para el coro y el cantor\u201d para ayudar a eliminar el \u201cmisterio\u201d de la m\u00fasica, proporcionando en su lugar una herramienta para una preparaci\u00f3n musical segura y bien informada. La clase tocar\u00e1 aspectos de ritmo, tono y melod\u00eda, armon\u00eda, din\u00e1mica, timbre y color de tono, registro y rango, y texturas musicales. Con \u00e9nfasis en la musicalidad pastoral, Teresa guiar\u00e1 a los participantes a trav\u00e9s de una variedad de ejemplos musicales con el objetivo de elevar la comprensi\u00f3n de los participantes sobre el impacto que tiene su ministerio en la oraci\u00f3n de su asamblea.<\/p>\n<p><strong>Fechas:\u00a0<\/strong><\/p>\n<p>7 de septiembre, 8-9: 15 pm ET<\/p>\n<p>14 de septiembre, 8-9: 15 pm ET<\/p>\n<p>21 de septiembre, 8-9: 15 pm ET<\/p>\n<p>28 de septiembre, 8-9: 15 pm ET<\/p>\n<p><strong>Costo:\u00a0<\/strong>$50 (elegible para el descuento de membres\u00eda est\u00e1ndar y premium). \u00a1Las inscripciones ya est\u00e1n abiertas! Reg\u00edstrate ahora<a href=\"https:\/\/www.npmsecure.org\/meet_with_npm\/index.php\" target=\"_blank\" rel=\"noopener\"> aqu\u00ed.<\/a><\/p>\n<p>&nbsp;<\/p>","protected":false},"excerpt":{"rendered":"<p>Teresa Cobarrubia Yoder will present &#8220;FUNdamentals of Basic Theory for the Choir and Cantor&#8221; to help remove the &#8220;mystery&#8221; of music, providing instead a tool for confident, knowledgeable musical preparation. The class will touch on aspects of rhythm, pitch and melody, harmony, dynamics, timbre and tone color, register and range, and musical textures. With an [&hellip;]<\/p>\n","protected":false},"author":3640,"featured_media":17460,"comment_status":"closed","ping_status":"closed","template":"","meta":{"_acf_changed":false},"wpl_events_category":[],"class_list":["post-17458","post_events","type-post_events","status-publish","has-post-thumbnail","hentry"],"acf":[],"_links":{"self":[{"href":"https:\/\/npm.org\/es\/wp-json\/wp\/v2\/post_events\/17458"}],"collection":[{"href":"https:\/\/npm.org\/es\/wp-json\/wp\/v2\/post_events"}],"about":[{"href":"https:\/\/npm.org\/es\/wp-json\/wp\/v2\/types\/post_events"}],"author":[{"embeddable":true,"href":"https:\/\/npm.org\/es\/wp-json\/wp\/v2\/users\/3640"}],"replies":[{"embeddable":true,"href":"https:\/\/npm.org\/es\/wp-json\/wp\/v2\/comments?post=17458"}],"wp:featuredmedia":[{"embeddable":true,"href":"https:\/\/npm.org\/es\/wp-json\/wp\/v2\/media\/17460"}],"wp:attachment":[{"href":"https:\/\/npm.org\/es\/wp-json\/wp\/v2\/media?parent=17458"}],"wp:term":[{"taxonomy":"wpl_events_category","embeddable":true,"href":"https:\/\/npm.org\/es\/wp-json\/wp\/v2\/wpl_events_category?post=17458"}],"curies":[{"name":"gracias","href":"https:\/\/api.w.org\/{rel}","templated":true}]}}